{"id":2009,"date":"2024-03-02T08:44:20","date_gmt":"2024-03-02T13:44:20","guid":{"rendered":"https:\/\/agencialosviajesdecolon.com\/?p=2009"},"modified":"2024-04-28T07:33:09","modified_gmt":"2024-04-28T12:33:09","slug":"medellin-antioquia","status":"publish","type":"post","link":"https:\/\/agencialosviajesdecolon.com\/en\/medellin-antioquia\/","title":{"rendered":"Medell\u00edn &#8211; Antioquia"},"content":{"rendered":"<div data-elementor-type=\"wp-post\" data-elementor-id=\"2009\" class=\"elementor elementor-2009\" data-elementor-post-type=\"post\">\n\t\t\t\t<div class=\"elementor-element elementor-element-b8626f8 e-flex e-con-boxed e-con e-parent\" data-id=\"b8626f8\" data-element_type=\"container\" data-e-type=\"container\">\n\t\t\t\t\t<div class=\"e-con-inner\">\n\t\t\t\t<div class=\"elementor-element elementor-element-27cbd55 elementor-widget elementor-widget-breadcrumbs\" data-id=\"27cbd55\" data-element_type=\"widget\" data-e-type=\"widget\" data-widget_type=\"breadcrumbs.default\">\n\t\t\t\t<div class=\"elementor-widget-container\">\n\t\t\t\t\t<p id=\"breadcrumbs\"><span><span><a href=\"https:\/\/agencialosviajesdecolon.com\/en\/\">Inicio<\/a><\/span><\/span><\/p>\t\t\t\t<\/div>\n\t\t\t\t<\/div>\n\t\t\t\t\t<\/div>\n\t\t\t\t<\/div>\n\t\t<div class=\"elementor-element elementor-element-88e0b7f e-flex e-con-boxed e-con e-parent\" data-id=\"88e0b7f\" data-element_type=\"container\" data-e-type=\"container\" data-settings=\"{&quot;background_background&quot;:&quot;classic&quot;}\">\n\t\t\t\t\t<div class=\"e-con-inner\">\n\t\t<div class=\"elementor-element elementor-element-5633611 e-con-full e-flex e-con e-child\" data-id=\"5633611\" data-element_type=\"container\" data-e-type=\"container\">\n\t\t\t\t<div class=\"elementor-element elementor-element-0239d1b elementor-widget elementor-widget-image\" data-id=\"0239d1b\" data-element_type=\"widget\" data-e-type=\"widget\" data-widget_type=\"image.default\">\n\t\t\t\t<div class=\"elementor-widget-container\">\n\t\t\t\t\t\t\t\t\t\t\t\t\t\t\t<img fetchpriority=\"high\" decoding=\"async\" width=\"800\" height=\"534\" src=\"https:\/\/agencialosviajesdecolon.com\/wp-content\/uploads\/2024\/03\/medellin_02.jpg\" class=\"attachment-large size-large wp-image-2741\" alt=\"\" srcset=\"https:\/\/agencialosviajesdecolon.com\/wp-content\/uploads\/2024\/03\/medellin_02.jpg 800w, https:\/\/agencialosviajesdecolon.com\/wp-content\/uploads\/2024\/03\/medellin_02-300x200.jpg 300w, https:\/\/agencialosviajesdecolon.com\/wp-content\/uploads\/2024\/03\/medellin_02-768x513.jpg 768w\" sizes=\"(max-width: 800px) 100vw, 800px\" \/>\t\t\t\t\t\t\t\t\t\t\t\t\t\t\t<\/div>\n\t\t\t\t<\/div>\n\t\t\t\t<div class=\"elementor-element elementor-element-ad1e15f elementor-widget__width-initial elementor-widget elementor-widget-image\" data-id=\"ad1e15f\" data-element_type=\"widget\" data-e-type=\"widget\" data-widget_type=\"image.default\">\n\t\t\t\t<div class=\"elementor-widget-container\">\n\t\t\t\t\t\t\t\t\t\t\t\t\t\t\t<img decoding=\"async\" width=\"385\" height=\"378\" src=\"https:\/\/agencialosviajesdecolon.com\/wp-content\/uploads\/2024\/03\/medellin_03.jpg\" class=\"attachment-large size-large wp-image-2742\" alt=\"\" srcset=\"https:\/\/agencialosviajesdecolon.com\/wp-content\/uploads\/2024\/03\/medellin_03.jpg 385w, https:\/\/agencialosviajesdecolon.com\/wp-content\/uploads\/2024\/03\/medellin_03-300x295.jpg 300w\" sizes=\"(max-width: 385px) 100vw, 385px\" \/>\t\t\t\t\t\t\t\t\t\t\t\t\t\t\t<\/div>\n\t\t\t\t<\/div>\n\t\t\t\t<\/div>\n\t\t<div class=\"elementor-element elementor-element-db260ae e-con-full e-flex e-con e-child\" data-id=\"db260ae\" data-element_type=\"container\" data-e-type=\"container\">\n\t\t\t\t<div class=\"elementor-element elementor-element-fc987f1 elementor-widget elementor-widget-text-editor\" data-id=\"fc987f1\" data-element_type=\"widget\" data-e-type=\"widget\" data-widget_type=\"text-editor.default\">\n\t\t\t\t<div class=\"elementor-widget-container\">\n\t\t\t\t\t\t\t\t\tPor su agradable clima que mantiene todo el a\u00f1o, Medell\u00edn es considerada la ciudad de la Eterna Primavera. Se caracteriza por su actividad comercial, gastron\u00f3mica, bancaria, cultural y el tur\u00edstica. Su geograf\u00eda es privilegiada con m\u00faltiples atractivos: Pueblito Paisa, su Jard\u00edn Bot\u00e1nico, la Plaza Botero, su Metro y Cablemetro, la Comuna 13, el Parque Lleras, la Plaza Cisnero o Parque de las luces, su estadio Atanasio Girardot, la Calle Colombia, La Piedra del Pe\u00f1ol, Guatap\u00e9\u2026\t\t\t\t\t\t\t\t<\/div>\n\t\t\t\t<\/div>\n\t\t\t\t<div class=\"elementor-element elementor-element-6df36c9 elementor-widget elementor-widget-text-editor\" data-id=\"6df36c9\" data-element_type=\"widget\" data-e-type=\"widget\" data-widget_type=\"text-editor.default\">\n\t\t\t\t<div class=\"elementor-widget-container\">\n\t\t\t\t\t\t\t\t\tLugares a visitar:\t\t\t\t\t\t\t\t<\/div>\n\t\t\t\t<\/div>\n\t\t\t\t<div class=\"elementor-element elementor-element-f8e42cd elementor-widget elementor-widget-text-editor\" data-id=\"f8e42cd\" data-element_type=\"widget\" data-e-type=\"widget\" data-widget_type=\"text-editor.default\">\n\t\t\t\t<div class=\"elementor-widget-container\">\n\t\t\t\t\t\t\t\t\tMetro y Cablemetro, Parque Botero, Jard\u00edn Bot\u00e1nico, Pueblito Paisa, Comuna 13, El Hueco, Tequendamita, El Pe\u00f1ol, Guatap\u00e9, Bello, Centro de la Moda de Itagui, Centros Comerciales, Luces Navide\u00f1as\u2026\t\t\t\t\t\t\t\t<\/div>\n\t\t\t\t<\/div>\n\t\t\t\t<\/div>\n\t\t\t\t\t<\/div>\n\t\t\t\t<\/div>\n\t\t\t\t<\/div>","protected":false},"excerpt":{"rendered":"<p>Por su agradable clima que mantiene todo el a\u00f1o, Medell\u00edn es considerada la ciudad de la Eterna Primavera. Se caracteriza por su actividad comercial, gastron\u00f3mica, bancaria, cultural y el tur\u00edstica. Su geograf\u00eda es privilegiada con m\u00faltiples atractivos: Pueblito Paisa, su Jard\u00edn Bot\u00e1nico, la Plaza Botero, su Metro y Cablemetro, la Comuna 13, el Parque Lleras, [&hellip;]<\/p>\n","protected":false},"author":1,"featured_media":2740,"comment_status":"closed","ping_status":"closed","sticky":false,"template":"","format":"standard","meta":{"_joinchat":[],"footnotes":""},"categories":[13],"tags":[],"class_list":["post-2009","post","type-post","status-publish","format-standard","has-post-thumbnail","hentry","category-planes"],"yoast_head":"<!-- This site is optimized with the Yoast SEO plugin v28.3 - https:\/\/yoast.com\/product\/yoast-seo-wordpress\/ -->\n<title>Medell\u00edn - Antioquia - Los Viajes de Col\u00f3n<\/title>\n<meta name=\"robots\" content=\"index, follow, max-snippet:-1, max-image-preview:large, max-video-preview:-1\" \/>\n<link rel=\"canonical\" href=\"https:\/\/agencialosviajesdecolon.com\/en\/medellin-antioquia\/\" \/>\n<meta property=\"og:locale\" content=\"en_US\" \/>\n<meta property=\"og:type\" content=\"article\" \/>\n<meta property=\"og:title\" content=\"Medell\u00edn - Antioquia - Los Viajes de Col\u00f3n\" \/>\n<meta property=\"og:description\" content=\"Por su agradable clima que mantiene todo el a\u00f1o, Medell\u00edn es considerada la ciudad de la Eterna Primavera. Se caracteriza por su actividad comercial, gastron\u00f3mica, bancaria, cultural y el tur\u00edstica. Su geograf\u00eda es privilegiada con m\u00faltiples atractivos: Pueblito Paisa, su Jard\u00edn Bot\u00e1nico, la Plaza Botero, su Metro y Cablemetro, la Comuna 13, el Parque Lleras, [&hellip;]\" \/>\n<meta property=\"og:url\" content=\"https:\/\/agencialosviajesdecolon.com\/en\/medellin-antioquia\/\" \/>\n<meta property=\"og:site_name\" content=\"Los Viajes de Col\u00f3n\" \/>\n<meta property=\"article:published_time\" content=\"2024-03-02T13:44:20+00:00\" \/>\n<meta property=\"article:modified_time\" content=\"2024-04-28T12:33:09+00:00\" \/>\n<meta property=\"og:image\" content=\"https:\/\/agencialosviajesdecolon.com\/wp-content\/uploads\/2024\/03\/medellin_01.jpg\" \/>\n\t<meta property=\"og:image:width\" content=\"378\" \/>\n\t<meta property=\"og:image:height\" content=\"385\" \/>\n\t<meta property=\"og:image:type\" content=\"image\/jpeg\" \/>\n<meta name=\"author\" content=\"agencialosviajesdecolon.com\" \/>\n<meta name=\"twitter:card\" content=\"summary_large_image\" \/>\n<meta name=\"twitter:label1\" content=\"Written by\" \/>\n\t<meta name=\"twitter:data1\" content=\"agencialosviajesdecolon.com\" \/>\n\t<meta name=\"twitter:label2\" content=\"Est. reading time\" \/>\n\t<meta name=\"twitter:data2\" content=\"1 minute\" \/>\n<script type=\"application\/ld+json\" class=\"yoast-schema-graph\">{\"@context\":\"https:\\\/\\\/schema.org\",\"@graph\":[{\"@type\":\"Article\",\"@id\":\"https:\\\/\\\/agencialosviajesdecolon.com\\\/medellin-antioquia\\\/#article\",\"isPartOf\":{\"@id\":\"https:\\\/\\\/agencialosviajesdecolon.com\\\/medellin-antioquia\\\/\"},\"author\":{\"name\":\"agencialosviajesdecolon.com\",\"@id\":\"https:\\\/\\\/agencialosviajesdecolon.com\\\/#\\\/schema\\\/person\\\/4a4f8b4223720a9bf3db2b4efaa56a1a\"},\"headline\":\"Medell\u00edn &#8211; Antioquia\",\"datePublished\":\"2024-03-02T13:44:20+00:00\",\"dateModified\":\"2024-04-28T12:33:09+00:00\",\"mainEntityOfPage\":{\"@id\":\"https:\\\/\\\/agencialosviajesdecolon.com\\\/medellin-antioquia\\\/\"},\"wordCount\":121,\"publisher\":{\"@id\":\"https:\\\/\\\/agencialosviajesdecolon.com\\\/#organization\"},\"image\":{\"@id\":\"https:\\\/\\\/agencialosviajesdecolon.com\\\/medellin-antioquia\\\/#primaryimage\"},\"thumbnailUrl\":\"https:\\\/\\\/agencialosviajesdecolon.com\\\/wp-content\\\/uploads\\\/2024\\\/03\\\/medellin_01.jpg\",\"articleSection\":[\"planes\"],\"inLanguage\":\"en-US\"},{\"@type\":\"WebPage\",\"@id\":\"https:\\\/\\\/agencialosviajesdecolon.com\\\/medellin-antioquia\\\/\",\"url\":\"https:\\\/\\\/agencialosviajesdecolon.com\\\/medellin-antioquia\\\/\",\"name\":\"Medell\u00edn - Antioquia - Los Viajes de Col\u00f3n\",\"isPartOf\":{\"@id\":\"https:\\\/\\\/agencialosviajesdecolon.com\\\/#website\"},\"primaryImageOfPage\":{\"@id\":\"https:\\\/\\\/agencialosviajesdecolon.com\\\/medellin-antioquia\\\/#primaryimage\"},\"image\":{\"@id\":\"https:\\\/\\\/agencialosviajesdecolon.com\\\/medellin-antioquia\\\/#primaryimage\"},\"thumbnailUrl\":\"https:\\\/\\\/agencialosviajesdecolon.com\\\/wp-content\\\/uploads\\\/2024\\\/03\\\/medellin_01.jpg\",\"datePublished\":\"2024-03-02T13:44:20+00:00\",\"dateModified\":\"2024-04-28T12:33:09+00:00\",\"breadcrumb\":{\"@id\":\"https:\\\/\\\/agencialosviajesdecolon.com\\\/medellin-antioquia\\\/#breadcrumb\"},\"inLanguage\":\"en-US\",\"potentialAction\":[{\"@type\":\"ReadAction\",\"target\":[\"https:\\\/\\\/agencialosviajesdecolon.com\\\/medellin-antioquia\\\/\"]}]},{\"@type\":\"ImageObject\",\"inLanguage\":\"en-US\",\"@id\":\"https:\\\/\\\/agencialosviajesdecolon.com\\\/medellin-antioquia\\\/#primaryimage\",\"url\":\"https:\\\/\\\/agencialosviajesdecolon.com\\\/wp-content\\\/uploads\\\/2024\\\/03\\\/medellin_01.jpg\",\"contentUrl\":\"https:\\\/\\\/agencialosviajesdecolon.com\\\/wp-content\\\/uploads\\\/2024\\\/03\\\/medellin_01.jpg\",\"width\":378,\"height\":385},{\"@type\":\"BreadcrumbList\",\"@id\":\"https:\\\/\\\/agencialosviajesdecolon.com\\\/medellin-antioquia\\\/#breadcrumb\",\"itemListElement\":[{\"@type\":\"ListItem\",\"position\":1,\"name\":\"Inicio\",\"item\":\"https:\\\/\\\/agencialosviajesdecolon.com\\\/\"},{\"@type\":\"ListItem\",\"position\":2,\"name\":\"Medell\u00edn &#8211; Antioquia\"}]},{\"@type\":\"WebSite\",\"@id\":\"https:\\\/\\\/agencialosviajesdecolon.com\\\/#website\",\"url\":\"https:\\\/\\\/agencialosviajesdecolon.com\\\/\",\"name\":\"Los Viajes de Col\u00f3n\",\"description\":\"Outdoor Sports Adventure Website\",\"publisher\":{\"@id\":\"https:\\\/\\\/agencialosviajesdecolon.com\\\/#organization\"},\"potentialAction\":[{\"@type\":\"SearchAction\",\"target\":{\"@type\":\"EntryPoint\",\"urlTemplate\":\"https:\\\/\\\/agencialosviajesdecolon.com\\\/?s={search_term_string}\"},\"query-input\":{\"@type\":\"PropertyValueSpecification\",\"valueRequired\":true,\"valueName\":\"search_term_string\"}}],\"inLanguage\":\"en-US\"},{\"@type\":\"Organization\",\"@id\":\"https:\\\/\\\/agencialosviajesdecolon.com\\\/#organization\",\"name\":\"Los Viajes de Col\u00f3n\",\"url\":\"https:\\\/\\\/agencialosviajesdecolon.com\\\/\",\"logo\":{\"@type\":\"ImageObject\",\"inLanguage\":\"en-US\",\"@id\":\"https:\\\/\\\/agencialosviajesdecolon.com\\\/#\\\/schema\\\/logo\\\/image\\\/\",\"url\":\"https:\\\/\\\/agencialosviajesdecolon.com\\\/wp-content\\\/uploads\\\/2024\\\/02\\\/logo_2024_cabecera.png\",\"contentUrl\":\"https:\\\/\\\/agencialosviajesdecolon.com\\\/wp-content\\\/uploads\\\/2024\\\/02\\\/logo_2024_cabecera.png\",\"width\":894,\"height\":340,\"caption\":\"Los Viajes de Col\u00f3n\"},\"image\":{\"@id\":\"https:\\\/\\\/agencialosviajesdecolon.com\\\/#\\\/schema\\\/logo\\\/image\\\/\"}},{\"@type\":\"Person\",\"@id\":\"https:\\\/\\\/agencialosviajesdecolon.com\\\/#\\\/schema\\\/person\\\/4a4f8b4223720a9bf3db2b4efaa56a1a\",\"name\":\"agencialosviajesdecolon.com\",\"image\":{\"@type\":\"ImageObject\",\"inLanguage\":\"en-US\",\"@id\":\"https:\\\/\\\/secure.gravatar.com\\\/avatar\\\/658f7be0a02fbade2a4428b04222e9317c06fb9accdee1da221fb681c1bdebf2?s=96&d=mm&r=g\",\"url\":\"https:\\\/\\\/secure.gravatar.com\\\/avatar\\\/658f7be0a02fbade2a4428b04222e9317c06fb9accdee1da221fb681c1bdebf2?s=96&d=mm&r=g\",\"contentUrl\":\"https:\\\/\\\/secure.gravatar.com\\\/avatar\\\/658f7be0a02fbade2a4428b04222e9317c06fb9accdee1da221fb681c1bdebf2?s=96&d=mm&r=g\",\"caption\":\"agencialosviajesdecolon.com\"},\"sameAs\":[\"https:\\\/\\\/agencialosviajesdecolon.com\"],\"url\":\"https:\\\/\\\/agencialosviajesdecolon.com\\\/en\\\/author\\\/agencialosviajesdecolon-com\\\/\"}]}<\/script>\n<!-- \/ Yoast SEO plugin. -->","yoast_head_json":{"title":"Medell\u00edn - Antioquia - Los Viajes de Col\u00f3n","robots":{"index":"index","follow":"follow","max-snippet":"max-snippet:-1","max-image-preview":"max-image-preview:large","max-video-preview":"max-video-preview:-1"},"canonical":"https:\/\/agencialosviajesdecolon.com\/en\/medellin-antioquia\/","og_locale":"en_US","og_type":"article","og_title":"Medell\u00edn - Antioquia - Los Viajes de Col\u00f3n","og_description":"Por su agradable clima que mantiene todo el a\u00f1o, Medell\u00edn es considerada la ciudad de la Eterna Primavera. Se caracteriza por su actividad comercial, gastron\u00f3mica, bancaria, cultural y el tur\u00edstica. Su geograf\u00eda es privilegiada con m\u00faltiples atractivos: Pueblito Paisa, su Jard\u00edn Bot\u00e1nico, la Plaza Botero, su Metro y Cablemetro, la Comuna 13, el Parque Lleras, [&hellip;]","og_url":"https:\/\/agencialosviajesdecolon.com\/en\/medellin-antioquia\/","og_site_name":"Los Viajes de Col\u00f3n","article_published_time":"2024-03-02T13:44:20+00:00","article_modified_time":"2024-04-28T12:33:09+00:00","og_image":[{"width":378,"height":385,"url":"https:\/\/agencialosviajesdecolon.com\/wp-content\/uploads\/2024\/03\/medellin_01.jpg","type":"image\/jpeg"}],"author":"agencialosviajesdecolon.com","twitter_card":"summary_large_image","twitter_misc":{"Written by":"agencialosviajesdecolon.com","Est. reading time":"1 minute"},"schema":{"@context":"https:\/\/schema.org","@graph":[{"@type":"Article","@id":"https:\/\/agencialosviajesdecolon.com\/medellin-antioquia\/#article","isPartOf":{"@id":"https:\/\/agencialosviajesdecolon.com\/medellin-antioquia\/"},"author":{"name":"agencialosviajesdecolon.com","@id":"https:\/\/agencialosviajesdecolon.com\/#\/schema\/person\/4a4f8b4223720a9bf3db2b4efaa56a1a"},"headline":"Medell\u00edn &#8211; Antioquia","datePublished":"2024-03-02T13:44:20+00:00","dateModified":"2024-04-28T12:33:09+00:00","mainEntityOfPage":{"@id":"https:\/\/agencialosviajesdecolon.com\/medellin-antioquia\/"},"wordCount":121,"publisher":{"@id":"https:\/\/agencialosviajesdecolon.com\/#organization"},"image":{"@id":"https:\/\/agencialosviajesdecolon.com\/medellin-antioquia\/#primaryimage"},"thumbnailUrl":"https:\/\/agencialosviajesdecolon.com\/wp-content\/uploads\/2024\/03\/medellin_01.jpg","articleSection":["planes"],"inLanguage":"en-US"},{"@type":"WebPage","@id":"https:\/\/agencialosviajesdecolon.com\/medellin-antioquia\/","url":"https:\/\/agencialosviajesdecolon.com\/medellin-antioquia\/","name":"Medell\u00edn - Antioquia - Los Viajes de Col\u00f3n","isPartOf":{"@id":"https:\/\/agencialosviajesdecolon.com\/#website"},"primaryImageOfPage":{"@id":"https:\/\/agencialosviajesdecolon.com\/medellin-antioquia\/#primaryimage"},"image":{"@id":"https:\/\/agencialosviajesdecolon.com\/medellin-antioquia\/#primaryimage"},"thumbnailUrl":"https:\/\/agencialosviajesdecolon.com\/wp-content\/uploads\/2024\/03\/medellin_01.jpg","datePublished":"2024-03-02T13:44:20+00:00","dateModified":"2024-04-28T12:33:09+00:00","breadcrumb":{"@id":"https:\/\/agencialosviajesdecolon.com\/medellin-antioquia\/#breadcrumb"},"inLanguage":"en-US","potentialAction":[{"@type":"ReadAction","target":["https:\/\/agencialosviajesdecolon.com\/medellin-antioquia\/"]}]},{"@type":"ImageObject","inLanguage":"en-US","@id":"https:\/\/agencialosviajesdecolon.com\/medellin-antioquia\/#primaryimage","url":"https:\/\/agencialosviajesdecolon.com\/wp-content\/uploads\/2024\/03\/medellin_01.jpg","contentUrl":"https:\/\/agencialosviajesdecolon.com\/wp-content\/uploads\/2024\/03\/medellin_01.jpg","width":378,"height":385},{"@type":"BreadcrumbList","@id":"https:\/\/agencialosviajesdecolon.com\/medellin-antioquia\/#breadcrumb","itemListElement":[{"@type":"ListItem","position":1,"name":"Inicio","item":"https:\/\/agencialosviajesdecolon.com\/"},{"@type":"ListItem","position":2,"name":"Medell\u00edn &#8211; Antioquia"}]},{"@type":"WebSite","@id":"https:\/\/agencialosviajesdecolon.com\/#website","url":"https:\/\/agencialosviajesdecolon.com\/","name":"Los Viajes de Col\u00f3n","description":"Outdoor Sports Adventure Website","publisher":{"@id":"https:\/\/agencialosviajesdecolon.com\/#organization"},"potentialAction":[{"@type":"SearchAction","target":{"@type":"EntryPoint","urlTemplate":"https:\/\/agencialosviajesdecolon.com\/?s={search_term_string}"},"query-input":{"@type":"PropertyValueSpecification","valueRequired":true,"valueName":"search_term_string"}}],"inLanguage":"en-US"},{"@type":"Organization","@id":"https:\/\/agencialosviajesdecolon.com\/#organization","name":"Los Viajes de Col\u00f3n","url":"https:\/\/agencialosviajesdecolon.com\/","logo":{"@type":"ImageObject","inLanguage":"en-US","@id":"https:\/\/agencialosviajesdecolon.com\/#\/schema\/logo\/image\/","url":"https:\/\/agencialosviajesdecolon.com\/wp-content\/uploads\/2024\/02\/logo_2024_cabecera.png","contentUrl":"https:\/\/agencialosviajesdecolon.com\/wp-content\/uploads\/2024\/02\/logo_2024_cabecera.png","width":894,"height":340,"caption":"Los Viajes de Col\u00f3n"},"image":{"@id":"https:\/\/agencialosviajesdecolon.com\/#\/schema\/logo\/image\/"}},{"@type":"Person","@id":"https:\/\/agencialosviajesdecolon.com\/#\/schema\/person\/4a4f8b4223720a9bf3db2b4efaa56a1a","name":"agencialosviajesdecolon.com","image":{"@type":"ImageObject","inLanguage":"en-US","@id":"https:\/\/secure.gravatar.com\/avatar\/658f7be0a02fbade2a4428b04222e9317c06fb9accdee1da221fb681c1bdebf2?s=96&d=mm&r=g","url":"https:\/\/secure.gravatar.com\/avatar\/658f7be0a02fbade2a4428b04222e9317c06fb9accdee1da221fb681c1bdebf2?s=96&d=mm&r=g","contentUrl":"https:\/\/secure.gravatar.com\/avatar\/658f7be0a02fbade2a4428b04222e9317c06fb9accdee1da221fb681c1bdebf2?s=96&d=mm&r=g","caption":"agencialosviajesdecolon.com"},"sameAs":["https:\/\/agencialosviajesdecolon.com"],"url":"https:\/\/agencialosviajesdecolon.com\/en\/author\/agencialosviajesdecolon-com\/"}]}},"_links":{"self":[{"href":"https:\/\/agencialosviajesdecolon.com\/en\/wp-json\/wp\/v2\/posts\/2009","targetHints":{"allow":["GET"]}}],"collection":[{"href":"https:\/\/agencialosviajesdecolon.com\/en\/wp-json\/wp\/v2\/posts"}],"about":[{"href":"https:\/\/agencialosviajesdecolon.com\/en\/wp-json\/wp\/v2\/types\/post"}],"author":[{"embeddable":true,"href":"https:\/\/agencialosviajesdecolon.com\/en\/wp-json\/wp\/v2\/users\/1"}],"replies":[{"embeddable":true,"href":"https:\/\/agencialosviajesdecolon.com\/en\/wp-json\/wp\/v2\/comments?post=2009"}],"version-history":[{"count":0,"href":"https:\/\/agencialosviajesdecolon.com\/en\/wp-json\/wp\/v2\/posts\/2009\/revisions"}],"wp:featuredmedia":[{"embeddable":true,"href":"https:\/\/agencialosviajesdecolon.com\/en\/wp-json\/wp\/v2\/media\/2740"}],"wp:attachment":[{"href":"https:\/\/agencialosviajesdecolon.com\/en\/wp-json\/wp\/v2\/media?parent=2009"}],"wp:term":[{"taxonomy":"category","embeddable":true,"href":"https:\/\/agencialosviajesdecolon.com\/en\/wp-json\/wp\/v2\/categories?post=2009"},{"taxonomy":"post_tag","embeddable":true,"href":"https:\/\/agencialosviajesdecolon.com\/en\/wp-json\/wp\/v2\/tags?post=2009"}],"curies":[{"name":"wp","href":"https:\/\/api.w.org\/{rel}","templated":true}]}}