{"id":2004,"date":"2024-03-02T08:42:34","date_gmt":"2024-03-02T13:42:34","guid":{"rendered":"https:\/\/agencialosviajesdecolon.com\/?p=2004"},"modified":"2024-04-28T07:33:09","modified_gmt":"2024-04-28T12:33:09","slug":"pasto-narino-tulcan-ecuador","status":"publish","type":"post","link":"https:\/\/agencialosviajesdecolon.com\/en\/pasto-narino-tulcan-ecuador\/","title":{"rendered":"Pasto &#8211; Nari\u00f1o \/ Tulc\u00e1n Ecuador"},"content":{"rendered":"<div data-elementor-type=\"wp-post\" data-elementor-id=\"2004\" class=\"elementor elementor-2004\" data-elementor-post-type=\"post\">\n\t\t\t\t<div class=\"elementor-element elementor-element-833faed e-flex e-con-boxed e-con e-parent\" data-id=\"833faed\" data-element_type=\"container\" data-e-type=\"container\">\n\t\t\t\t\t<div class=\"e-con-inner\">\n\t\t\t\t<div class=\"elementor-element elementor-element-051b0ec elementor-widget elementor-widget-breadcrumbs\" data-id=\"051b0ec\" data-element_type=\"widget\" data-e-type=\"widget\" data-widget_type=\"breadcrumbs.default\">\n\t\t\t\t<div class=\"elementor-widget-container\">\n\t\t\t\t\t<p id=\"breadcrumbs\"><span><span><a href=\"https:\/\/agencialosviajesdecolon.com\/en\/\">Inicio<\/a><\/span><\/span><\/p>\t\t\t\t<\/div>\n\t\t\t\t<\/div>\n\t\t\t\t\t<\/div>\n\t\t\t\t<\/div>\n\t\t<div class=\"elementor-element elementor-element-04c08a7 e-flex e-con-boxed e-con e-parent\" data-id=\"04c08a7\" data-element_type=\"container\" data-e-type=\"container\" data-settings=\"{&quot;background_background&quot;:&quot;classic&quot;}\">\n\t\t\t\t\t<div class=\"e-con-inner\">\n\t\t<div class=\"elementor-element elementor-element-09d6086 e-con-full e-flex e-con e-child\" data-id=\"09d6086\" data-element_type=\"container\" data-e-type=\"container\">\n\t\t\t\t<div class=\"elementor-element elementor-element-f73667f elementor-widget elementor-widget-image\" data-id=\"f73667f\" data-element_type=\"widget\" data-e-type=\"widget\" data-widget_type=\"image.default\">\n\t\t\t\t<div class=\"elementor-widget-container\">\n\t\t\t\t\t\t\t\t\t\t\t\t\t\t\t<img fetchpriority=\"high\" decoding=\"async\" width=\"800\" height=\"534\" src=\"https:\/\/agencialosviajesdecolon.com\/wp-content\/uploads\/2024\/03\/pasto_02.jpg\" class=\"attachment-large size-large wp-image-2729\" alt=\"\" srcset=\"https:\/\/agencialosviajesdecolon.com\/wp-content\/uploads\/2024\/03\/pasto_02.jpg 800w, https:\/\/agencialosviajesdecolon.com\/wp-content\/uploads\/2024\/03\/pasto_02-300x200.jpg 300w, https:\/\/agencialosviajesdecolon.com\/wp-content\/uploads\/2024\/03\/pasto_02-768x513.jpg 768w\" sizes=\"(max-width: 800px) 100vw, 800px\" \/>\t\t\t\t\t\t\t\t\t\t\t\t\t\t\t<\/div>\n\t\t\t\t<\/div>\n\t\t\t\t<div class=\"elementor-element elementor-element-ad7362a elementor-widget__width-initial elementor-widget elementor-widget-image\" data-id=\"ad7362a\" data-element_type=\"widget\" data-e-type=\"widget\" data-widget_type=\"image.default\">\n\t\t\t\t<div class=\"elementor-widget-container\">\n\t\t\t\t\t\t\t\t\t\t\t\t\t\t\t<img decoding=\"async\" width=\"378\" height=\"378\" src=\"https:\/\/agencialosviajesdecolon.com\/wp-content\/uploads\/2024\/03\/pasto_03.jpg\" class=\"attachment-large size-large wp-image-2730\" alt=\"\" srcset=\"https:\/\/agencialosviajesdecolon.com\/wp-content\/uploads\/2024\/03\/pasto_03.jpg 378w, https:\/\/agencialosviajesdecolon.com\/wp-content\/uploads\/2024\/03\/pasto_03-300x300.jpg 300w, https:\/\/agencialosviajesdecolon.com\/wp-content\/uploads\/2024\/03\/pasto_03-150x150.jpg 150w\" sizes=\"(max-width: 378px) 100vw, 378px\" \/>\t\t\t\t\t\t\t\t\t\t\t\t\t\t\t<\/div>\n\t\t\t\t<\/div>\n\t\t\t\t<\/div>\n\t\t<div class=\"elementor-element elementor-element-867d03b e-con-full e-flex e-con e-child\" data-id=\"867d03b\" data-element_type=\"container\" data-e-type=\"container\">\n\t\t\t\t<div class=\"elementor-element elementor-element-bffbe32 elementor-widget elementor-widget-text-editor\" data-id=\"bffbe32\" data-element_type=\"widget\" data-e-type=\"widget\" data-widget_type=\"text-editor.default\">\n\t\t\t\t<div class=\"elementor-widget-container\">\n\t\t\t\t\t\t\t\t\tInteresante destino en el sur de Colombia. San Juan de Pasto, Ciudad Sorpresa, con sus Carnavales de Negros y Blancos y su espectacular biodiversidad, custodiada por su Volc\u00e1n Galeras y ba\u00f1ada por la Majestuosa Laguna de La Cocha en el corregimiento del Encano a 60 minutos de distancia por una excelente carretera. En \u00e9sta se encuentra la Isla Corota, peque\u00f1o santuario de fauna y flora. El Departamento de Nari\u00f1o alberga en el municipio de Ipiales, el Santuario de Nuestra Se\u00f1ora del Rosario de Las Lajas, una maravilla de estilo neog\u00f3tico en medio de la naturaleza que obviamente se tendr\u00e1 que visitar. De aqu\u00ed se parte a la Rep\u00fablica del Ecuador cuya frontera se encuentra a pocos minutos, para visitar el Cementerio del municipio de Tulc\u00e1n, notable por la exposici\u00f3n de su jard\u00edn de figuras de \u00e1rboles de Cipr\u00e9s podados art\u00edsticamente. Imperdible el circuito para visitar las poblaciones ubicadas alrededor del pie de mote del Volc\u00e1n Galeras: Nari\u00f1o, La Florida, Sandon\u00e1, Consac\u00e1 y Yacuanquer.\t\t\t\t\t\t\t\t<\/div>\n\t\t\t\t<\/div>\n\t\t\t\t<div class=\"elementor-element elementor-element-af81e32 elementor-widget elementor-widget-text-editor\" data-id=\"af81e32\" data-element_type=\"widget\" data-e-type=\"widget\" data-widget_type=\"text-editor.default\">\n\t\t\t\t<div class=\"elementor-widget-container\">\n\t\t\t\t\t\t\t\t\tLugares a visitar:\t\t\t\t\t\t\t\t<\/div>\n\t\t\t\t<\/div>\n\t\t\t\t<div class=\"elementor-element elementor-element-2b90f87 elementor-widget elementor-widget-text-editor\" data-id=\"2b90f87\" data-element_type=\"widget\" data-e-type=\"widget\" data-widget_type=\"text-editor.default\">\n\t\t\t\t<div class=\"elementor-widget-container\">\n\t\t\t\t\t\t\t\t\tSan Juan de Pasto, Merado T\u00edpico Bombon\u00e1, El Encano, Laguna de La Cocha, Isla La Corota, Ipiales, santuario de Las Lajas, Tulc\u00e1n (Ecuador), Poblaciones del Pie de Monte del Volc\u00e1n Galeras\u2026\t\t\t\t\t\t\t\t<\/div>\n\t\t\t\t<\/div>\n\t\t\t\t<\/div>\n\t\t\t\t\t<\/div>\n\t\t\t\t<\/div>\n\t\t\t\t<\/div>","protected":false},"excerpt":{"rendered":"<p>Interesante destino en el sur de Colombia. San Juan de Pasto, Ciudad Sorpresa, con sus Carnavales de Negros y Blancos y su espectacular biodiversidad, custodiada por su Volc\u00e1n Galeras y ba\u00f1ada por la Majestuosa Laguna de La Cocha en el corregimiento del Encano a 60 minutos de distancia por una excelente carretera. En \u00e9sta se [&hellip;]<\/p>\n","protected":false},"author":1,"featured_media":2728,"comment_status":"closed","ping_status":"closed","sticky":false,"template":"","format":"standard","meta":{"_joinchat":[],"footnotes":""},"categories":[13],"tags":[],"class_list":["post-2004","post","type-post","status-publish","format-standard","has-post-thumbnail","hentry","category-planes"],"yoast_head":"<!-- This site is optimized with the Yoast SEO plugin v28.3 - https:\/\/yoast.com\/product\/yoast-seo-wordpress\/ -->\n<title>Pasto - Nari\u00f1o \/ Tulc\u00e1n Ecuador - Los Viajes de Col\u00f3n<\/title>\n<meta name=\"robots\" content=\"index, follow, max-snippet:-1, max-image-preview:large, max-video-preview:-1\" \/>\n<link rel=\"canonical\" href=\"https:\/\/agencialosviajesdecolon.com\/en\/pasto-narino-tulcan-ecuador\/\" \/>\n<meta property=\"og:locale\" content=\"en_US\" \/>\n<meta property=\"og:type\" content=\"article\" \/>\n<meta property=\"og:title\" content=\"Pasto - Nari\u00f1o \/ Tulc\u00e1n Ecuador - Los Viajes de Col\u00f3n\" \/>\n<meta property=\"og:description\" content=\"Interesante destino en el sur de Colombia. San Juan de Pasto, Ciudad Sorpresa, con sus Carnavales de Negros y Blancos y su espectacular biodiversidad, custodiada por su Volc\u00e1n Galeras y ba\u00f1ada por la Majestuosa Laguna de La Cocha en el corregimiento del Encano a 60 minutos de distancia por una excelente carretera. En \u00e9sta se [&hellip;]\" \/>\n<meta property=\"og:url\" content=\"https:\/\/agencialosviajesdecolon.com\/en\/pasto-narino-tulcan-ecuador\/\" \/>\n<meta property=\"og:site_name\" content=\"Los Viajes de Col\u00f3n\" \/>\n<meta property=\"article:published_time\" content=\"2024-03-02T13:42:34+00:00\" \/>\n<meta property=\"article:modified_time\" content=\"2024-04-28T12:33:09+00:00\" \/>\n<meta property=\"og:image\" content=\"https:\/\/agencialosviajesdecolon.com\/wp-content\/uploads\/2024\/03\/pasto_01.jpg\" \/>\n\t<meta property=\"og:image:width\" content=\"378\" \/>\n\t<meta property=\"og:image:height\" content=\"385\" \/>\n\t<meta property=\"og:image:type\" content=\"image\/jpeg\" \/>\n<meta name=\"author\" content=\"agencialosviajesdecolon.com\" \/>\n<meta name=\"twitter:card\" content=\"summary_large_image\" \/>\n<meta name=\"twitter:label1\" content=\"Written by\" \/>\n\t<meta name=\"twitter:data1\" content=\"agencialosviajesdecolon.com\" \/>\n\t<meta name=\"twitter:label2\" content=\"Est. reading time\" \/>\n\t<meta name=\"twitter:data2\" content=\"2 minutes\" \/>\n<script type=\"application\/ld+json\" class=\"yoast-schema-graph\">{\"@context\":\"https:\\\/\\\/schema.org\",\"@graph\":[{\"@type\":\"Article\",\"@id\":\"https:\\\/\\\/agencialosviajesdecolon.com\\\/pasto-narino-tulcan-ecuador\\\/#article\",\"isPartOf\":{\"@id\":\"https:\\\/\\\/agencialosviajesdecolon.com\\\/pasto-narino-tulcan-ecuador\\\/\"},\"author\":{\"name\":\"agencialosviajesdecolon.com\",\"@id\":\"https:\\\/\\\/agencialosviajesdecolon.com\\\/#\\\/schema\\\/person\\\/4a4f8b4223720a9bf3db2b4efaa56a1a\"},\"headline\":\"Pasto &#8211; Nari\u00f1o \\\/ Tulc\u00e1n Ecuador\",\"datePublished\":\"2024-03-02T13:42:34+00:00\",\"dateModified\":\"2024-04-28T12:33:09+00:00\",\"mainEntityOfPage\":{\"@id\":\"https:\\\/\\\/agencialosviajesdecolon.com\\\/pasto-narino-tulcan-ecuador\\\/\"},\"wordCount\":220,\"publisher\":{\"@id\":\"https:\\\/\\\/agencialosviajesdecolon.com\\\/#organization\"},\"image\":{\"@id\":\"https:\\\/\\\/agencialosviajesdecolon.com\\\/pasto-narino-tulcan-ecuador\\\/#primaryimage\"},\"thumbnailUrl\":\"https:\\\/\\\/agencialosviajesdecolon.com\\\/wp-content\\\/uploads\\\/2024\\\/03\\\/pasto_01.jpg\",\"articleSection\":[\"planes\"],\"inLanguage\":\"en-US\"},{\"@type\":\"WebPage\",\"@id\":\"https:\\\/\\\/agencialosviajesdecolon.com\\\/pasto-narino-tulcan-ecuador\\\/\",\"url\":\"https:\\\/\\\/agencialosviajesdecolon.com\\\/pasto-narino-tulcan-ecuador\\\/\",\"name\":\"Pasto - Nari\u00f1o \\\/ Tulc\u00e1n Ecuador - Los Viajes de Col\u00f3n\",\"isPartOf\":{\"@id\":\"https:\\\/\\\/agencialosviajesdecolon.com\\\/#website\"},\"primaryImageOfPage\":{\"@id\":\"https:\\\/\\\/agencialosviajesdecolon.com\\\/pasto-narino-tulcan-ecuador\\\/#primaryimage\"},\"image\":{\"@id\":\"https:\\\/\\\/agencialosviajesdecolon.com\\\/pasto-narino-tulcan-ecuador\\\/#primaryimage\"},\"thumbnailUrl\":\"https:\\\/\\\/agencialosviajesdecolon.com\\\/wp-content\\\/uploads\\\/2024\\\/03\\\/pasto_01.jpg\",\"datePublished\":\"2024-03-02T13:42:34+00:00\",\"dateModified\":\"2024-04-28T12:33:09+00:00\",\"breadcrumb\":{\"@id\":\"https:\\\/\\\/agencialosviajesdecolon.com\\\/pasto-narino-tulcan-ecuador\\\/#breadcrumb\"},\"inLanguage\":\"en-US\",\"potentialAction\":[{\"@type\":\"ReadAction\",\"target\":[\"https:\\\/\\\/agencialosviajesdecolon.com\\\/pasto-narino-tulcan-ecuador\\\/\"]}]},{\"@type\":\"ImageObject\",\"inLanguage\":\"en-US\",\"@id\":\"https:\\\/\\\/agencialosviajesdecolon.com\\\/pasto-narino-tulcan-ecuador\\\/#primaryimage\",\"url\":\"https:\\\/\\\/agencialosviajesdecolon.com\\\/wp-content\\\/uploads\\\/2024\\\/03\\\/pasto_01.jpg\",\"contentUrl\":\"https:\\\/\\\/agencialosviajesdecolon.com\\\/wp-content\\\/uploads\\\/2024\\\/03\\\/pasto_01.jpg\",\"width\":378,\"height\":385},{\"@type\":\"BreadcrumbList\",\"@id\":\"https:\\\/\\\/agencialosviajesdecolon.com\\\/pasto-narino-tulcan-ecuador\\\/#breadcrumb\",\"itemListElement\":[{\"@type\":\"ListItem\",\"position\":1,\"name\":\"Inicio\",\"item\":\"https:\\\/\\\/agencialosviajesdecolon.com\\\/\"},{\"@type\":\"ListItem\",\"position\":2,\"name\":\"Pasto &#8211; Nari\u00f1o \\\/ Tulc\u00e1n Ecuador\"}]},{\"@type\":\"WebSite\",\"@id\":\"https:\\\/\\\/agencialosviajesdecolon.com\\\/#website\",\"url\":\"https:\\\/\\\/agencialosviajesdecolon.com\\\/\",\"name\":\"Los Viajes de Col\u00f3n\",\"description\":\"Outdoor Sports Adventure Website\",\"publisher\":{\"@id\":\"https:\\\/\\\/agencialosviajesdecolon.com\\\/#organization\"},\"potentialAction\":[{\"@type\":\"SearchAction\",\"target\":{\"@type\":\"EntryPoint\",\"urlTemplate\":\"https:\\\/\\\/agencialosviajesdecolon.com\\\/?s={search_term_string}\"},\"query-input\":{\"@type\":\"PropertyValueSpecification\",\"valueRequired\":true,\"valueName\":\"search_term_string\"}}],\"inLanguage\":\"en-US\"},{\"@type\":\"Organization\",\"@id\":\"https:\\\/\\\/agencialosviajesdecolon.com\\\/#organization\",\"name\":\"Los Viajes de Col\u00f3n\",\"url\":\"https:\\\/\\\/agencialosviajesdecolon.com\\\/\",\"logo\":{\"@type\":\"ImageObject\",\"inLanguage\":\"en-US\",\"@id\":\"https:\\\/\\\/agencialosviajesdecolon.com\\\/#\\\/schema\\\/logo\\\/image\\\/\",\"url\":\"https:\\\/\\\/agencialosviajesdecolon.com\\\/wp-content\\\/uploads\\\/2024\\\/02\\\/logo_2024_cabecera.png\",\"contentUrl\":\"https:\\\/\\\/agencialosviajesdecolon.com\\\/wp-content\\\/uploads\\\/2024\\\/02\\\/logo_2024_cabecera.png\",\"width\":894,\"height\":340,\"caption\":\"Los Viajes de Col\u00f3n\"},\"image\":{\"@id\":\"https:\\\/\\\/agencialosviajesdecolon.com\\\/#\\\/schema\\\/logo\\\/image\\\/\"}},{\"@type\":\"Person\",\"@id\":\"https:\\\/\\\/agencialosviajesdecolon.com\\\/#\\\/schema\\\/person\\\/4a4f8b4223720a9bf3db2b4efaa56a1a\",\"name\":\"agencialosviajesdecolon.com\",\"image\":{\"@type\":\"ImageObject\",\"inLanguage\":\"en-US\",\"@id\":\"https:\\\/\\\/secure.gravatar.com\\\/avatar\\\/658f7be0a02fbade2a4428b04222e9317c06fb9accdee1da221fb681c1bdebf2?s=96&d=mm&r=g\",\"url\":\"https:\\\/\\\/secure.gravatar.com\\\/avatar\\\/658f7be0a02fbade2a4428b04222e9317c06fb9accdee1da221fb681c1bdebf2?s=96&d=mm&r=g\",\"contentUrl\":\"https:\\\/\\\/secure.gravatar.com\\\/avatar\\\/658f7be0a02fbade2a4428b04222e9317c06fb9accdee1da221fb681c1bdebf2?s=96&d=mm&r=g\",\"caption\":\"agencialosviajesdecolon.com\"},\"sameAs\":[\"https:\\\/\\\/agencialosviajesdecolon.com\"],\"url\":\"https:\\\/\\\/agencialosviajesdecolon.com\\\/en\\\/author\\\/agencialosviajesdecolon-com\\\/\"}]}<\/script>\n<!-- \/ Yoast SEO plugin. -->","yoast_head_json":{"title":"Pasto - Nari\u00f1o \/ Tulc\u00e1n Ecuador - Los Viajes de Col\u00f3n","robots":{"index":"index","follow":"follow","max-snippet":"max-snippet:-1","max-image-preview":"max-image-preview:large","max-video-preview":"max-video-preview:-1"},"canonical":"https:\/\/agencialosviajesdecolon.com\/en\/pasto-narino-tulcan-ecuador\/","og_locale":"en_US","og_type":"article","og_title":"Pasto - Nari\u00f1o \/ Tulc\u00e1n Ecuador - Los Viajes de Col\u00f3n","og_description":"Interesante destino en el sur de Colombia. San Juan de Pasto, Ciudad Sorpresa, con sus Carnavales de Negros y Blancos y su espectacular biodiversidad, custodiada por su Volc\u00e1n Galeras y ba\u00f1ada por la Majestuosa Laguna de La Cocha en el corregimiento del Encano a 60 minutos de distancia por una excelente carretera. En \u00e9sta se [&hellip;]","og_url":"https:\/\/agencialosviajesdecolon.com\/en\/pasto-narino-tulcan-ecuador\/","og_site_name":"Los Viajes de Col\u00f3n","article_published_time":"2024-03-02T13:42:34+00:00","article_modified_time":"2024-04-28T12:33:09+00:00","og_image":[{"width":378,"height":385,"url":"https:\/\/agencialosviajesdecolon.com\/wp-content\/uploads\/2024\/03\/pasto_01.jpg","type":"image\/jpeg"}],"author":"agencialosviajesdecolon.com","twitter_card":"summary_large_image","twitter_misc":{"Written by":"agencialosviajesdecolon.com","Est. reading time":"2 minutes"},"schema":{"@context":"https:\/\/schema.org","@graph":[{"@type":"Article","@id":"https:\/\/agencialosviajesdecolon.com\/pasto-narino-tulcan-ecuador\/#article","isPartOf":{"@id":"https:\/\/agencialosviajesdecolon.com\/pasto-narino-tulcan-ecuador\/"},"author":{"name":"agencialosviajesdecolon.com","@id":"https:\/\/agencialosviajesdecolon.com\/#\/schema\/person\/4a4f8b4223720a9bf3db2b4efaa56a1a"},"headline":"Pasto &#8211; Nari\u00f1o \/ Tulc\u00e1n Ecuador","datePublished":"2024-03-02T13:42:34+00:00","dateModified":"2024-04-28T12:33:09+00:00","mainEntityOfPage":{"@id":"https:\/\/agencialosviajesdecolon.com\/pasto-narino-tulcan-ecuador\/"},"wordCount":220,"publisher":{"@id":"https:\/\/agencialosviajesdecolon.com\/#organization"},"image":{"@id":"https:\/\/agencialosviajesdecolon.com\/pasto-narino-tulcan-ecuador\/#primaryimage"},"thumbnailUrl":"https:\/\/agencialosviajesdecolon.com\/wp-content\/uploads\/2024\/03\/pasto_01.jpg","articleSection":["planes"],"inLanguage":"en-US"},{"@type":"WebPage","@id":"https:\/\/agencialosviajesdecolon.com\/pasto-narino-tulcan-ecuador\/","url":"https:\/\/agencialosviajesdecolon.com\/pasto-narino-tulcan-ecuador\/","name":"Pasto - Nari\u00f1o \/ Tulc\u00e1n Ecuador - Los Viajes de Col\u00f3n","isPartOf":{"@id":"https:\/\/agencialosviajesdecolon.com\/#website"},"primaryImageOfPage":{"@id":"https:\/\/agencialosviajesdecolon.com\/pasto-narino-tulcan-ecuador\/#primaryimage"},"image":{"@id":"https:\/\/agencialosviajesdecolon.com\/pasto-narino-tulcan-ecuador\/#primaryimage"},"thumbnailUrl":"https:\/\/agencialosviajesdecolon.com\/wp-content\/uploads\/2024\/03\/pasto_01.jpg","datePublished":"2024-03-02T13:42:34+00:00","dateModified":"2024-04-28T12:33:09+00:00","breadcrumb":{"@id":"https:\/\/agencialosviajesdecolon.com\/pasto-narino-tulcan-ecuador\/#breadcrumb"},"inLanguage":"en-US","potentialAction":[{"@type":"ReadAction","target":["https:\/\/agencialosviajesdecolon.com\/pasto-narino-tulcan-ecuador\/"]}]},{"@type":"ImageObject","inLanguage":"en-US","@id":"https:\/\/agencialosviajesdecolon.com\/pasto-narino-tulcan-ecuador\/#primaryimage","url":"https:\/\/agencialosviajesdecolon.com\/wp-content\/uploads\/2024\/03\/pasto_01.jpg","contentUrl":"https:\/\/agencialosviajesdecolon.com\/wp-content\/uploads\/2024\/03\/pasto_01.jpg","width":378,"height":385},{"@type":"BreadcrumbList","@id":"https:\/\/agencialosviajesdecolon.com\/pasto-narino-tulcan-ecuador\/#breadcrumb","itemListElement":[{"@type":"ListItem","position":1,"name":"Inicio","item":"https:\/\/agencialosviajesdecolon.com\/"},{"@type":"ListItem","position":2,"name":"Pasto &#8211; Nari\u00f1o \/ Tulc\u00e1n Ecuador"}]},{"@type":"WebSite","@id":"https:\/\/agencialosviajesdecolon.com\/#website","url":"https:\/\/agencialosviajesdecolon.com\/","name":"Los Viajes de Col\u00f3n","description":"Outdoor Sports Adventure Website","publisher":{"@id":"https:\/\/agencialosviajesdecolon.com\/#organization"},"potentialAction":[{"@type":"SearchAction","target":{"@type":"EntryPoint","urlTemplate":"https:\/\/agencialosviajesdecolon.com\/?s={search_term_string}"},"query-input":{"@type":"PropertyValueSpecification","valueRequired":true,"valueName":"search_term_string"}}],"inLanguage":"en-US"},{"@type":"Organization","@id":"https:\/\/agencialosviajesdecolon.com\/#organization","name":"Los Viajes de Col\u00f3n","url":"https:\/\/agencialosviajesdecolon.com\/","logo":{"@type":"ImageObject","inLanguage":"en-US","@id":"https:\/\/agencialosviajesdecolon.com\/#\/schema\/logo\/image\/","url":"https:\/\/agencialosviajesdecolon.com\/wp-content\/uploads\/2024\/02\/logo_2024_cabecera.png","contentUrl":"https:\/\/agencialosviajesdecolon.com\/wp-content\/uploads\/2024\/02\/logo_2024_cabecera.png","width":894,"height":340,"caption":"Los Viajes de Col\u00f3n"},"image":{"@id":"https:\/\/agencialosviajesdecolon.com\/#\/schema\/logo\/image\/"}},{"@type":"Person","@id":"https:\/\/agencialosviajesdecolon.com\/#\/schema\/person\/4a4f8b4223720a9bf3db2b4efaa56a1a","name":"agencialosviajesdecolon.com","image":{"@type":"ImageObject","inLanguage":"en-US","@id":"https:\/\/secure.gravatar.com\/avatar\/658f7be0a02fbade2a4428b04222e9317c06fb9accdee1da221fb681c1bdebf2?s=96&d=mm&r=g","url":"https:\/\/secure.gravatar.com\/avatar\/658f7be0a02fbade2a4428b04222e9317c06fb9accdee1da221fb681c1bdebf2?s=96&d=mm&r=g","contentUrl":"https:\/\/secure.gravatar.com\/avatar\/658f7be0a02fbade2a4428b04222e9317c06fb9accdee1da221fb681c1bdebf2?s=96&d=mm&r=g","caption":"agencialosviajesdecolon.com"},"sameAs":["https:\/\/agencialosviajesdecolon.com"],"url":"https:\/\/agencialosviajesdecolon.com\/en\/author\/agencialosviajesdecolon-com\/"}]}},"_links":{"self":[{"href":"https:\/\/agencialosviajesdecolon.com\/en\/wp-json\/wp\/v2\/posts\/2004","targetHints":{"allow":["GET"]}}],"collection":[{"href":"https:\/\/agencialosviajesdecolon.com\/en\/wp-json\/wp\/v2\/posts"}],"about":[{"href":"https:\/\/agencialosviajesdecolon.com\/en\/wp-json\/wp\/v2\/types\/post"}],"author":[{"embeddable":true,"href":"https:\/\/agencialosviajesdecolon.com\/en\/wp-json\/wp\/v2\/users\/1"}],"replies":[{"embeddable":true,"href":"https:\/\/agencialosviajesdecolon.com\/en\/wp-json\/wp\/v2\/comments?post=2004"}],"version-history":[{"count":0,"href":"https:\/\/agencialosviajesdecolon.com\/en\/wp-json\/wp\/v2\/posts\/2004\/revisions"}],"wp:featuredmedia":[{"embeddable":true,"href":"https:\/\/agencialosviajesdecolon.com\/en\/wp-json\/wp\/v2\/media\/2728"}],"wp:attachment":[{"href":"https:\/\/agencialosviajesdecolon.com\/en\/wp-json\/wp\/v2\/media?parent=2004"}],"wp:term":[{"taxonomy":"category","embeddable":true,"href":"https:\/\/agencialosviajesdecolon.com\/en\/wp-json\/wp\/v2\/categories?post=2004"},{"taxonomy":"post_tag","embeddable":true,"href":"https:\/\/agencialosviajesdecolon.com\/en\/wp-json\/wp\/v2\/tags?post=2004"}],"curies":[{"name":"wp","href":"https:\/\/api.w.org\/{rel}","templated":true}]}}